{"id":1007,"date":"2025-12-08T19:56:12","date_gmt":"2025-12-08T16:56:12","guid":{"rendered":"https:\/\/avmtv.com.tr\/?p=1007"},"modified":"2025-12-08T19:56:12","modified_gmt":"2025-12-08T16:56:12","slug":"kocaeliye-yillarca-hizmet-etti-real-avmnin-durumu-ne-olacak","status":"publish","type":"post","link":"https:\/\/avmtv.com.tr\/index.php\/2025\/12\/08\/kocaeliye-yillarca-hizmet-etti-real-avmnin-durumu-ne-olacak\/","title":{"rendered":"Kocaeli&#8217;ye y\u0131llarca hizmet etti! Real AVM&#8217;nin durumu ne olacak?"},"content":{"rendered":"\n<p>Bir d\u00f6nem Kocaeli\u2019nin en b\u00fcy\u00fck al\u0131\u015fveri\u015f merkezlerinden olan Real AVM, 8 y\u0131ld\u0131r terk edilmi\u015f haliyle \u00e7\u00fcr\u00fcmeye b\u0131rak\u0131ld\u0131. Vak\u0131f Emeklilik\u2019e ait dev ta\u015f\u0131nmaz \u015fimdi 80 milyon dolarl\u0131k rekor fiyat\u0131yla al\u0131c\u0131s\u0131n\u0131 bekliyor<br>Kocaeli\u2019nin bir d\u00f6nem en yo\u011fun ya\u015fam ve ticaret noktalar\u0131ndan biri olan Real AVM, y\u0131llard\u0131r s\u00fcren sessizli\u011fiyle yeniden g\u00fcndemde. Kentin en b\u00fcy\u00fck al\u0131\u015fveri\u015f merkezlerinden biri olarak 17 y\u0131l boyunca binlerce ki\u015fiyi a\u011f\u0131rlayan dev yap\u0131, son 8 y\u0131ld\u0131r kaderine terk edilmi\u015f durumda.<\/p>\n\n\n\n<p>Kap\u0131lar\u0131 kelep\u00e7eli, i\u00e7i bo\u015f, vitrinleri karanl\u0131k\u2026 Ancak AVM\u2019nin otopark\u0131 h\u00e2l\u00e2 hizmet vermeye devam ediyor; bu durum yap\u0131n\u0131n tamamen at\u0131l olmad\u0131\u011f\u0131 fakat b\u00fcy\u00fck bir d\u00f6n\u00fc\u015f\u00fcm ihtiyac\u0131n\u0131n bulundu\u011fu ger\u00e7e\u011fini g\u00f6zler \u00f6n\u00fcne seriyor.<br>DEV TA\u015eINMAZ<br>Vak\u0131fBank\u2019\u0131n ba\u011fl\u0131 kurulu\u015fu Vak\u0131f Emeklilik Sand\u0131\u011f\u0131 i\u015ftirak \u015firketi, AVM arazisini uzun s\u00fcredir elden \u00e7\u0131karmaya \u00e7al\u0131\u015f\u0131yor. Sat\u0131\u015f ve de\u011ferleme s\u00fcre\u00e7leri son d\u00f6nemde hem Obak\u00f6y Gayrimenkul hem de Not Gayrimenkul taraf\u0131ndan yak\u0131ndan takip ediliyor.<\/p>\n\n\n\n<p>RAKAM NET 80 M\u0130LYON DOLAR<br>Kocaeli\u2019de tek par\u00e7a bir ta\u015f\u0131nmaz i\u00e7in talep edilen en y\u00fcksek bedellerden biri olarak dikkat \u00e7eken bu fiyat, y\u0131llard\u0131r at\u0131l halde bekleyen dev yap\u0131y\u0131 yeniden aya\u011fa kald\u0131racak g\u00fc\u00e7l\u00fc bir yat\u0131r\u0131mc\u0131 aray\u0131\u015f\u0131n\u0131n g\u00f6stergesi niteli\u011finde.<\/p>\n\n\n\n<p>KENT \u0130\u00c7\u0130N YEN\u0130 D\u00d6NEM BA\u015eLAYAB\u0130L\u0130R<br>Real AVM\u2019nin gelece\u011fi, yaln\u0131zca gayrimenkul piyasas\u0131n\u0131 de\u011fil, b\u00f6lgenin sosyal ve ekonomik yap\u0131s\u0131n\u0131 da yak\u0131ndan ilgilendiriyor. Y\u0131llarca kentin bulu\u015fma alan\u0131 olan yap\u0131n\u0131n yeniden i\u015flev kazanmas\u0131, \u00e7evre esnaf\u0131ndan kentsel hareketlili\u011fe kadar bir\u00e7ok alanda yeni bir ba\u015flang\u0131\u00e7 anlam\u0131na gelebilir.<\/p>\n\n\n\n<p>\u015eimdi g\u00f6zler, 80 milyon dolarl\u0131k bu dev yat\u0131r\u0131m\u0131 \u00fcstlenecek ve Real AVM\u2019yi Kocaeli\u2019ye yeniden kazand\u0131racak yat\u0131r\u0131mc\u0131da.<\/p>\n\n\n\n<p>cagdaskocaeli<\/p>\n","protected":false},"excerpt":{"rendered":"","protected":false},"author":1,"featured_media":1008,"comment_status":"open","ping_status":"open","sticky":false,"template":"","format":"standard","meta":{"footnotes":""},"categories":[12,9],"tags":[151,255,198,307,306,305],"class_list":["post-1007","post","type-post","status-publish","format-standard","has-post-thumbnail","hentry","category-guncel","category-manset-haber","tag-avm","tag-avm-haberleri","tag-izmit","tag-kocaeli","tag-real","tag-real-avm"],"_links":{"self":[{"href":"https:\/\/avmtv.com.tr\/index.php\/wp-json\/wp\/v2\/posts\/1007","targetHints":{"allow":["GET"]}}],"collection":[{"href":"https:\/\/avmtv.com.tr\/index.php\/wp-json\/wp\/v2\/posts"}],"about":[{"href":"https:\/\/avmtv.com.tr\/index.php\/wp-json\/wp\/v2\/types\/post"}],"author":[{"embeddable":true,"href":"https:\/\/avmtv.com.tr\/index.php\/wp-json\/wp\/v2\/users\/1"}],"replies":[{"embeddable":true,"href":"https:\/\/avmtv.com.tr\/index.php\/wp-json\/wp\/v2\/comments?post=1007"}],"version-history":[{"count":1,"href":"https:\/\/avmtv.com.tr\/index.php\/wp-json\/wp\/v2\/posts\/1007\/revisions"}],"predecessor-version":[{"id":1009,"href":"https:\/\/avmtv.com.tr\/index.php\/wp-json\/wp\/v2\/posts\/1007\/revisions\/1009"}],"wp:featuredmedia":[{"embeddable":true,"href":"https:\/\/avmtv.com.tr\/index.php\/wp-json\/wp\/v2\/media\/1008"}],"wp:attachment":[{"href":"https:\/\/avmtv.com.tr\/index.php\/wp-json\/wp\/v2\/media?parent=1007"}],"wp:term":[{"taxonomy":"category","embeddable":true,"href":"https:\/\/avmtv.com.tr\/index.php\/wp-json\/wp\/v2\/categories?post=1007"},{"taxonomy":"post_tag","embeddable":true,"href":"https:\/\/avmtv.com.tr\/index.php\/wp-json\/wp\/v2\/tags?post=1007"}],"curies":[{"name":"wp","href":"https:\/\/api.w.org\/{rel}","templated":true}]}}