{"id":1025,"date":"2025-12-09T14:47:28","date_gmt":"2025-12-09T11:47:28","guid":{"rendered":"https:\/\/avmtv.com.tr\/?p=1025"},"modified":"2025-12-09T14:47:30","modified_gmt":"2025-12-09T11:47:30","slug":"avmlerin-aranan-markasi-turkiyeden-cekildi-geriye-alacaklilar-kaldi","status":"publish","type":"post","link":"https:\/\/avmtv.com.tr\/index.php\/2025\/12\/09\/avmlerin-aranan-markasi-turkiyeden-cekildi-geriye-alacaklilar-kaldi\/","title":{"rendered":"AVM&#8217;lerin aranan markas\u0131 T\u00fcrkiye&#8217;den \u00e7ekildi, geriye alacakl\u0131lar kald\u0131"},"content":{"rendered":"\n<p>Oleg Cassini, 14 y\u0131l faaliyet g\u00f6sterdi\u011fi T\u00fcrkiye&#8217;den ani bir kararla \u00e7ekildi. Markan\u0131n Adana&#8217;daki ma\u011fazas\u0131nda \u00e7al\u0131\u015fan 9 personel, toplamda yakla\u015f\u0131k 5 milyon TL tutar\u0131ndaki tazminat ve i\u00e7eride kalan maa\u015flar\u0131n\u0131 alamad\u0131klar\u0131 gerek\u00e7esiyle ma\u011fdur olduklar\u0131n\u0131 s\u00f6yledi.<br>D\u00fcnyaca \u00fcnl\u00fc gelinlik markas\u0131 Oleg Cassini, 2017&#8217;de Adana ma\u011fazas\u0131n\u0131 a\u00e7arak T\u00fcrkiye&#8217;deki eri\u015fimini geni\u015fletmi\u015fti. Marka, \u00fclkede 14 y\u0131l, Adana&#8217;da ise 8 y\u0131l faaliyet g\u00f6sterdi. Oleg Cassini, 13 Ekim&#8217;de yapt\u0131\u011f\u0131 a\u00e7\u0131klamayla T\u00fcrkiye operasyonlar\u0131n\u0131 tamamen sonland\u0131rd\u0131\u011f\u0131n\u0131 duyurdu.<\/p>\n\n\n\n<p>Markan\u0131n T\u00fcrkiye hesaplar\u0131ndan yay\u0131mlanan mesajda, &#8220;T\u00fcrkiye&#8217;deki operasyonlar\u0131m\u0131z\u0131 sonland\u0131r\u0131rken sizlerle ge\u00e7irdi\u011fimiz 14 y\u0131l\u0131n her an\u0131 i\u00e7in en i\u00e7ten te\u015fekk\u00fcrlerimizi sunuyoruz. Markam\u0131z\u0131 en \u00f6zel g\u00fcnlerinize dahil etti\u011finiz i\u00e7in minnettar\u0131z&#8221; ifadeleri kullan\u0131ld\u0131.<\/p>\n\n\n\n<p>\u00c7ALI\u015eANLARIN MAA\u015eLARI VE TAZM\u0130NATLARI KALDI<br>Markan\u0131n \u00e7ekilmesinin ard\u0131ndan Adana&#8217;daki ma\u011fazan\u0131n 9 \u00e7al\u0131\u015fan\u0131 hem i\u015fsiz kald\u0131 hem de tazminatlar\u0131n\u0131 ve i\u00e7erideki birikmi\u015f maa\u015flar\u0131n\u0131 alamad\u0131klar\u0131 i\u00e7in ma\u011fduriyet ya\u015fad\u0131.<\/p>\n\n\n\n<p>&#8220;ORTADA BIRAKILDIK&#8221;<br>Adana&#8217;da ma\u011fazan\u0131n m\u00fcd\u00fcr\u00fc Hande Z\u0131rtlan s\u00fcrec\u00fc anlatarak, &#8220;13 Ekim 2025 y\u0131l\u0131nda T\u00fcrkiye&#8217;den \u00e7ekildi. Buras\u0131 da dahil olmak \u00fczere b\u00fct\u00fcn ma\u011fazalardaki \u00e7al\u0131\u015fanlar\u0131n hepsi i\u015ften \u00e7\u0131kart\u0131ld\u0131. \u00c7al\u0131\u015fanlar\u0131n haklar\u0131n\u0131 talep edebilecekleri bir pozisyon b\u0131rakmadan \u00e7ekildiler. \u015eirket sorumlusu yurtd\u0131\u015f\u0131nda ve kendimizi ifade etti\u011fimizde \u015fu an i\u00e7in yap\u0131labilecek bir \u015fey olmad\u0131\u011f\u0131n\u0131 s\u00f6yl\u00fcyor. T\u00fcrkiye&#8217;de hi\u00e7bir yetkili bulunmuyor. Tamamen yurtd\u0131\u015f\u0131na ba\u011fl\u0131 bir firmayd\u0131k. Yat\u0131r\u0131mc\u0131lar yurtd\u0131\u015f\u0131nda faaliyetlerine devam ediyor. Herkesin ticari hayat\u0131 s\u00fcrerken, T\u00fcrkiye&#8217;deki bu pozisyonda bizler tamamen ortada b\u0131rak\u0131lm\u0131\u015f olduk&#8221; dedi.<\/p>\n\n\n\n<p>&#8220;HAKLARIMIZI ALAMADIK, B\u0130Z\u0130 ORTADA BIRAKTILAR&#8221;<br>Ma\u011fazada \u00e7al\u0131\u015fan Gamze Ali\u015fan ise &#8220;2017 y\u0131l\u0131ndan bu yana bu \u015firkette \u00e7al\u0131\u015f\u0131yorum. Bize hi\u00e7bir bilgi vermeden, bir g\u00fcn i\u00e7inde ma\u011fazam\u0131z\u0131 kapatt\u0131lar. Do\u011fal olarak \u00f6demelerimiz var ve bor\u00e7lar\u0131m\u0131zla birlikte bizi ortada b\u0131rakt\u0131lar. Adana ma\u011fazas\u0131nda 9 ki\u015fi olmak \u00fczere T\u00fcrkiye&#8217;deki t\u00fcm \u00e7al\u0131\u015fanlar olarak \u00e7ok ma\u011fduruz. Tazminat haklar\u0131m\u0131z\u0131 alamad\u0131k. Sesimizin duyurulmas\u0131n\u0131 ve haklar\u0131m\u0131z\u0131n \u00f6denmesini talep ediyoruz. Bu \u015firkete 10 y\u0131l\u0131m\u0131z\u0131 verdik. Adana ma\u011fazas\u0131nda \u00e7al\u0131\u015fanlar olarak yakla\u015f\u0131k 5 milyon lira alaca\u011f\u0131m\u0131z var. T\u00fcm \u015firket genelinde hesapland\u0131\u011f\u0131nda bu miktar \u00e7ok daha b\u00fcy\u00fck. \u015eirketimiz hi\u00e7bir zaman k\u00f6t\u00fc bir durumda olmam\u0131\u015ft\u0131. Burada sat\u0131\u015flar\u0131 yapan bizlerdik. Ger\u00e7ekten buraya kazand\u0131rd\u0131k ama haklar\u0131m\u0131z\u0131 alamad\u0131k&#8221; diye konu\u015ftu.<\/p>\n\n\n\n<p>Haberler.com<\/p>\n","protected":false},"excerpt":{"rendered":"","protected":false},"author":1,"featured_media":1026,"comment_status":"open","ping_status":"open","sticky":false,"template":"","format":"standard","meta":{"footnotes":""},"categories":[11,9],"tags":[318,281,295,255,317],"class_list":["post-1025","post","type-post","status-publish","format-standard","has-post-thumbnail","hentry","category-gundem","category-manset-haber","tag-adana","tag-avm-etkinlikleri","tag-avm-haber","tag-avm-haberleri","tag-olegcassini"],"_links":{"self":[{"href":"https:\/\/avmtv.com.tr\/index.php\/wp-json\/wp\/v2\/posts\/1025","targetHints":{"allow":["GET"]}}],"collection":[{"href":"https:\/\/avmtv.com.tr\/index.php\/wp-json\/wp\/v2\/posts"}],"about":[{"href":"https:\/\/avmtv.com.tr\/index.php\/wp-json\/wp\/v2\/types\/post"}],"author":[{"embeddable":true,"href":"https:\/\/avmtv.com.tr\/index.php\/wp-json\/wp\/v2\/users\/1"}],"replies":[{"embeddable":true,"href":"https:\/\/avmtv.com.tr\/index.php\/wp-json\/wp\/v2\/comments?post=1025"}],"version-history":[{"count":1,"href":"https:\/\/avmtv.com.tr\/index.php\/wp-json\/wp\/v2\/posts\/1025\/revisions"}],"predecessor-version":[{"id":1027,"href":"https:\/\/avmtv.com.tr\/index.php\/wp-json\/wp\/v2\/posts\/1025\/revisions\/1027"}],"wp:featuredmedia":[{"embeddable":true,"href":"https:\/\/avmtv.com.tr\/index.php\/wp-json\/wp\/v2\/media\/1026"}],"wp:attachment":[{"href":"https:\/\/avmtv.com.tr\/index.php\/wp-json\/wp\/v2\/media?parent=1025"}],"wp:term":[{"taxonomy":"category","embeddable":true,"href":"https:\/\/avmtv.com.tr\/index.php\/wp-json\/wp\/v2\/categories?post=1025"},{"taxonomy":"post_tag","embeddable":true,"href":"https:\/\/avmtv.com.tr\/index.php\/wp-json\/wp\/v2\/tags?post=1025"}],"curies":[{"name":"wp","href":"https:\/\/api.w.org\/{rel}","templated":true}]}}