{"id":796,"date":"2025-10-23T20:58:28","date_gmt":"2025-10-23T17:58:28","guid":{"rendered":"https:\/\/avmtv.com.tr\/?p=796"},"modified":"2025-10-23T21:00:35","modified_gmt":"2025-10-23T18:00:35","slug":"markalar-derneginin-bmd-baskanligina-sinan-oncel-yeniden-secildi","status":"publish","type":"post","link":"https:\/\/avmtv.com.tr\/index.php\/2025\/10\/23\/markalar-derneginin-bmd-baskanligina-sinan-oncel-yeniden-secildi\/","title":{"rendered":"(BMD) ba\u015fkanl\u0131\u011f\u0131na Sinan \u00d6ncel yeniden se\u00e7ildi."},"content":{"rendered":"\n<p>T\u00fcrkiye \u0130hracat\u00e7\u0131lar Meclisi (T\u0130M) Ba\u015fkan\u0131 Mustafa G\u00fcltepe ile sekt\u00f6r derneklerinin ba\u015fkanlar\u0131n\u0131n da kat\u0131ld\u0131\u011f\u0131 BMD\u2019nin Ola\u011fan\u00fcst\u00fc Genel Kurulu\u2019nda Sinan \u00d6ncel\u2019in haz\u0131rlad\u0131\u011f\u0131 tek liste oyland\u0131. Listesi genel kurula kat\u0131lan \u00fcyelerin oybirli\u011fi ile se\u00e7ilen Sinan \u00d6ncel, g\u00fcven ve destekleri i\u00e7in markalara te\u015fekk\u00fcr etti. BMD\u2019ye \u00fcye marka say\u0131s\u0131n\u0131n g\u00f6rev yapt\u0131klar\u0131 d\u00f6nemde 320\u2019den 512\u2019ye \u00e7\u0131kt\u0131\u011f\u0131n\u0131 hat\u0131rlatan \u00d6ncel, \u015funlar\u0131 s\u00f6yledi:<\/p>\n\n\n\n<p>\u201cHaz\u0131r giyim, ayakkab\u0131, spor, kozmetik, restoran, mobilya ve di\u011fer sekt\u00f6rlerden markalarla temsil g\u00fcc\u00fcm\u00fcz giderek daha da g\u00fc\u00e7leniyor. Yeni d\u00f6nem i\u00e7in geni\u015f kat\u0131l\u0131ml\u0131 ve kapsay\u0131c\u0131 bir y\u00f6netim kurulu olu\u015fturduk. Her sekt\u00f6r\u00fcn y\u00f6netimde temsil edilmesine \u00f6zen g\u00f6sterdik. \u00dcyelerimizden ald\u0131\u011f\u0131m\u0131z g\u00fc\u00e7le sekt\u00f6r\u00fcn sorunlar\u0131n\u0131 her platformda dile getiriyor, takip\u00e7isi oluyoruz. En k\u00fc\u00e7\u00fc\u011f\u00fcnden en b\u00fcy\u00fc\u011f\u00fcne markalar\u0131m\u0131z\u0131n b\u00fcy\u00fck b\u00f6l\u00fcm\u00fc i\u00e7in kira bir numaral\u0131 sorun. \u00dcyelerimizin y\u00fczde 64\u2019\u00fc kira davalar\u0131yla kar\u015f\u0131 kar\u015f\u0131ya bulunuyor. \u00dcretim ve Operasyonlar\u0131m\u0131zdaki maliyet art\u0131\u015flar\u0131 ile kay\u0131t d\u0131\u015f\u0131 \u00fcretim de sorun olu\u015fturmaya devam ediyor. Kay\u0131t d\u0131\u015f\u0131 \u00fcretim ve sahte markalarla ilgili de \u00e7ok \u015fik\u00e2yet var. Ayr\u0131ca d\u00fc\u015f\u00fck g\u00fcmr\u00fck vergisiyle \u00fclkemize \u00fcr\u00fcn sat\u0131\u015f\u0131 yapan Uzak Do\u011fu merkezli e-ticaret platformlar\u0131n\u0131n neden oldu\u011fu haks\u0131z rekabet s\u00fcrekli g\u00fcndemimizdeydi. Ticaret Bakanl\u0131\u011f\u0131n\u0131n bu platformlar\u0131n ayakkab\u0131, oyuncak ve saraciye \u00fcr\u00fcnlerini h\u0131zl\u0131 kargo yoluyla T\u00fcrkiye\u2019ye g\u00f6ndermelerini k\u0131s\u0131tlamas\u0131n\u0131 memnuniyetle kar\u015f\u0131lad\u0131k. Ayn\u0131 zamanda t\u00fcketici g\u00fcvenli\u011fi ve sa\u011fl\u0131\u011f\u0131n\u0131n korunmas\u0131 i\u00e7in \u00f6nemli bir ad\u0131m olan uygulaman\u0131n haz\u0131r giyimi de kapsayacak \u015fekilde geni\u015fletilece\u011fini \u00fcmit ediyoruz.\u201d<\/p>\n\n\n\n<p>T\u0130M Ba\u015fkan\u0131 Mustafa G\u00fcltepe de konu\u015fmas\u0131nda markalarla her zaman yak\u0131n i\u015f birli\u011fi i\u00e7inde \u00e7al\u0131\u015ft\u0131klar\u0131n\u0131 s\u00f6yledi. T\u00fcrkiye\u2019nin ihracat hedeflerine ula\u015fabilmesi i\u00e7in markal\u0131 ihracat\u0131 art\u0131rmak durumunda olduklar\u0131n\u0131 vurgulayan G\u00fcltepe, yeniden BMD Ba\u015fkan\u0131 se\u00e7ilen Sinan \u00d6ncel\u2019i kutlayarak yeni d\u00f6nemde ba\u015far\u0131 diledi.<\/p>\n\n\n\n<p><strong>BMD\u2019N\u0130N YEN\u0130 Y\u00d6NET\u0130M\u0130 \u015eU \u0130S\u0130MLERDEN OLU\u015eTU&nbsp;<\/strong><\/p>\n\n\n\n<p>Sinan \u00d6ncel&nbsp;(Twigy) Ba\u015fkan<\/p>\n\n\n\n<p>Hanefi C\u00fcneyt G\u00fcne\u015f (\u00c7ift Geyik Karaca)<\/p>\n\n\n\n<p>\u0130smail Kutlu (Gizia) Ba\u015fkan Yard\u0131mc\u0131s\u0131<\/p>\n\n\n\n<p>\u00d6zg\u00fcr \u00c7etinkaya (TAB G\u0131da)<\/p>\n\n\n\n<p>Serdar Sunay (Boyner) Ba\u015fkan Yard\u0131mc\u0131<\/p>\n\n\n\n<p>Nuri \u00d6zta\u015fk\u0131n (Yata\u015f)<\/p>\n\n\n\n<p>Suzan Toplusoy (Roman) Ba\u015fkan Yard\u0131mc\u0131s\u0131<\/p>\n\n\n\n<p>Oya Sener (Fiba Perakende)<\/p>\n\n\n\n<p>H\u00fcseyin Nail \u015eeynova&nbsp;(Efor) Ba\u015fkan Yard\u0131mc\u0131s\u0131<\/p>\n\n\n\n<p>Elif \u00c7ap\u00e7\u0131 (Beymen)<\/p>\n\n\n\n<p>U\u011fur Mete S\u00f6nmez (Faik S\u00f6nmez)<\/p>\n\n\n\n<p>Berna Aky\u00fcz \u00d6\u011f\u00fct (LC Waikiki)<\/p>\n\n\n\n<p>Yi\u011fit Akg\u00fcn (Zen)<\/p>\n\n\n\n<p>\u00d6zlem Kavas\u011folu (Do\u011fu\u015f Perakende)<\/p>\n\n\n\n<p>Mustafa Kamar (Roberto Bravo)<\/p>\n\n\n\n<p>Sinan Kuran (Pan\u00e7o)<\/p>\n\n\n\n<p>Zeynep Selgur (Sportive)<\/p>\n\n\n\n<p>Mete Akar (Elle)<\/p>\n\n\n\n<p>Alihan Hoti\u00e7 (Hoti\u00e7)<\/p>\n\n\n\n<p>Kerem G\u00f6zalan (G\u00f6zalan Group)<\/p>\n\n\n\n<p>Jaklin G\u00fcner (Vakko)<\/p>\n\n\n\n<p>\u0130zzet Stamati (Brandy\u2019s)<\/p>\n\n\n\n<p>Nuket Filiba (Atelier Rebul)<\/p>\n\n\n\n<p>Galip Ba\u011fc\u0131 (Shark Ninja)<\/p>\n\n\n\n<p>Okan G\u00fcrsan (Mavi)<\/p>\n\n\n\n<p>Aykut Erbay (Lescon)<\/p>\n","protected":false},"excerpt":{"rendered":"","protected":false},"author":1,"featured_media":797,"comment_status":"open","ping_status":"open","sticky":false,"template":"","format":"standard","meta":{"footnotes":""},"categories":[1],"tags":[],"class_list":["post-796","post","type-post","status-publish","format-standard","has-post-thumbnail","hentry","category-genel"],"_links":{"self":[{"href":"https:\/\/avmtv.com.tr\/index.php\/wp-json\/wp\/v2\/posts\/796","targetHints":{"allow":["GET"]}}],"collection":[{"href":"https:\/\/avmtv.com.tr\/index.php\/wp-json\/wp\/v2\/posts"}],"about":[{"href":"https:\/\/avmtv.com.tr\/index.php\/wp-json\/wp\/v2\/types\/post"}],"author":[{"embeddable":true,"href":"https:\/\/avmtv.com.tr\/index.php\/wp-json\/wp\/v2\/users\/1"}],"replies":[{"embeddable":true,"href":"https:\/\/avmtv.com.tr\/index.php\/wp-json\/wp\/v2\/comments?post=796"}],"version-history":[{"count":3,"href":"https:\/\/avmtv.com.tr\/index.php\/wp-json\/wp\/v2\/posts\/796\/revisions"}],"predecessor-version":[{"id":800,"href":"https:\/\/avmtv.com.tr\/index.php\/wp-json\/wp\/v2\/posts\/796\/revisions\/800"}],"wp:featuredmedia":[{"embeddable":true,"href":"https:\/\/avmtv.com.tr\/index.php\/wp-json\/wp\/v2\/media\/797"}],"wp:attachment":[{"href":"https:\/\/avmtv.com.tr\/index.php\/wp-json\/wp\/v2\/media?parent=796"}],"wp:term":[{"taxonomy":"category","embeddable":true,"href":"https:\/\/avmtv.com.tr\/index.php\/wp-json\/wp\/v2\/categories?post=796"},{"taxonomy":"post_tag","embeddable":true,"href":"https:\/\/avmtv.com.tr\/index.php\/wp-json\/wp\/v2\/tags?post=796"}],"curies":[{"name":"wp","href":"https:\/\/api.w.org\/{rel}","templated":true}]}}