{"id":913,"date":"2025-11-04T13:09:15","date_gmt":"2025-11-04T10:09:15","guid":{"rendered":"https:\/\/avmtv.com.tr\/?p=913"},"modified":"2025-11-04T13:09:15","modified_gmt":"2025-11-04T10:09:15","slug":"kanyon-avmye-pazarlama-muduru-olarak-atandi","status":"publish","type":"post","link":"https:\/\/avmtv.com.tr\/index.php\/2025\/11\/04\/kanyon-avmye-pazarlama-muduru-olarak-atandi\/","title":{"rendered":"Kanyon AVM&#8217;ye Pazarlama m\u00fcd\u00fcr\u00fc olarak atand\u0131"},"content":{"rendered":"\n<p>Ana Sayfa  G\u00fcndem  Kanyon\u2019da \u00f6nemli atamaG\u00fcndem\u0130NDEKSKanyon AVMKanyon\u2019da \u00f6nemli atama03\/11\/2025Kanyon\u2019un pazarlama ve kiralama stratejilerinin ba\u015f\u0131na ge\u00e7en Ba\u015fak G\u00fcrtuna, g\u00fc\u00e7l\u00fc marka konumunu s\u00fcrd\u00fcr\u00fclebilir b\u00fcy\u00fcme ve yenilik\u00e7i projelerle daha da ileriye ta\u015f\u0131may\u0131 planl\u0131yor.Kanyon Y\u00f6netim \u0130\u015fletim ve Pazarlama A.\u015e.\u2019de Pazarlama ve Kiralama M\u00fcd\u00fcrl\u00fc\u011f\u00fc g\u00f6revine, Ekim 2025\u2019te 20 y\u0131l\u0131 a\u015fk\u0131n deneyime sahip Ba\u015fak G\u00fcrtuna atand\u0131. G\u00fcrtuna, yeni g\u00f6revinde Kanyon\u2019un t\u00fcm pazarlama ve kiralama s\u00fcre\u00e7lerinin y\u00f6netiminden sorumlu olacak.Bilkent \u00dcniversitesi Uluslararas\u0131 \u0130li\u015fkiler B\u00f6l\u00fcm\u00fc mezunu olan Ba\u015fak G\u00fcrtuna, y\u00fcksek lisans e\u011fitimini 2004 y\u0131l\u0131nda Warwick \u00dcniversitesi Uluslararas\u0131 Politik Ekonomi ve 2009 y\u0131l\u0131nda \u0130stanbul Bilgi \u00dcniversitesi \u0130\u015fletme Y\u00f6netimi programlar\u0131nda tamamlad\u0131.Kariyerine Ipsos KMG\u2019de Junior Account Y\u00f6neticisi olarak ba\u015flayan G\u00fcrtuna, 2006-2008 y\u0131llar\u0131 aras\u0131nda Birle\u015fmi\u015f Milletler Kalk\u0131nma Program\u0131 \u00d6zel Sekt\u00f6r Ofisi\u2019nde Proje Asistan\u0131 olarak g\u00f6rev yapt\u0131. 2008-2014 y\u0131llar\u0131 aras\u0131nda Do\u011fu\u015f Holding\u2019de s\u0131ras\u0131yla Kurumsal \u0130leti\u015fim Uzman\u0131 ve Kurumsal \u0130leti\u015fim M\u00fcd\u00fcr Yard\u0131mc\u0131s\u0131 olarak g\u00f6rev alan G\u00fcrtuna, 2014-2024 y\u0131llar\u0131 aras\u0131nda Galataport \u0130stanbul Liman \u0130\u015fletmecili\u011fi ve Yat\u0131r\u0131mlar\u0131 A.\u015e.\u2019de Pazarlama ve \u0130leti\u015fim M\u00fcd\u00fcr\u00fc, ard\u0131ndan Pazarlama ve \u0130leti\u015fim Direkt\u00f6r\u00fc pozisyonlar\u0131nda bulundu. G\u00fcrtuna, son olarak TAV \u0130\u015fletme Hizmetleri\u2019nde Kurumsal \u0130leti\u015fim Koordinat\u00f6r\u00fc olarak g\u00f6rev yapt\u0131.Ba\u015fak G\u00fcrtuna, yeni g\u00f6revinde Kanyon\u2019un g\u00fc\u00e7l\u00fc marka konumunu daha da ileriye ta\u015f\u0131maya, m\u00fc\u015fteri deneyimini d\u00f6n\u00fc\u015ft\u00fcrmeye ve Kanyon\u2019un s\u00fcrd\u00fcr\u00fclebilir b\u00fcy\u00fcme stratejilerine katk\u0131 sa\u011flamaya odaklanacak. G\u00fcrtuna, Kanyon\u2019un \u015fehirli ya\u015fam vizyonunu daha da ileriye ta\u015f\u0131yacak yenilik\u00e7i pazarlama projeleri, deneyim odakl\u0131 kampanyalar ve marka i\u015f birlikleri geli\u015ftirmeyi hedefliyor. Ayr\u0131ca, kiralama stratejilerini global trendlerle de uyumlu olarak dinamik ve g\u00fcncel bir yap\u0131da s\u00fcrd\u00fcrmeye y\u00f6nelik \u00e7al\u0131\u015fmalar y\u00fcr\u00fctecek.<\/p>\n","protected":false},"excerpt":{"rendered":"","protected":false},"author":1,"featured_media":914,"comment_status":"open","ping_status":"open","sticky":false,"template":"","format":"standard","meta":{"footnotes":""},"categories":[11,9,8],"tags":[235,184],"class_list":["post-913","post","type-post","status-publish","format-standard","has-post-thumbnail","hentry","category-gundem","category-manset-haber","category-roportajlar","tag-kanyon","tag-kanyonavm"],"_links":{"self":[{"href":"https:\/\/avmtv.com.tr\/index.php\/wp-json\/wp\/v2\/posts\/913","targetHints":{"allow":["GET"]}}],"collection":[{"href":"https:\/\/avmtv.com.tr\/index.php\/wp-json\/wp\/v2\/posts"}],"about":[{"href":"https:\/\/avmtv.com.tr\/index.php\/wp-json\/wp\/v2\/types\/post"}],"author":[{"embeddable":true,"href":"https:\/\/avmtv.com.tr\/index.php\/wp-json\/wp\/v2\/users\/1"}],"replies":[{"embeddable":true,"href":"https:\/\/avmtv.com.tr\/index.php\/wp-json\/wp\/v2\/comments?post=913"}],"version-history":[{"count":1,"href":"https:\/\/avmtv.com.tr\/index.php\/wp-json\/wp\/v2\/posts\/913\/revisions"}],"predecessor-version":[{"id":915,"href":"https:\/\/avmtv.com.tr\/index.php\/wp-json\/wp\/v2\/posts\/913\/revisions\/915"}],"wp:featuredmedia":[{"embeddable":true,"href":"https:\/\/avmtv.com.tr\/index.php\/wp-json\/wp\/v2\/media\/914"}],"wp:attachment":[{"href":"https:\/\/avmtv.com.tr\/index.php\/wp-json\/wp\/v2\/media?parent=913"}],"wp:term":[{"taxonomy":"category","embeddable":true,"href":"https:\/\/avmtv.com.tr\/index.php\/wp-json\/wp\/v2\/categories?post=913"},{"taxonomy":"post_tag","embeddable":true,"href":"https:\/\/avmtv.com.tr\/index.php\/wp-json\/wp\/v2\/tags?post=913"}],"curies":[{"name":"wp","href":"https:\/\/api.w.org\/{rel}","templated":true}]}}