{"id":920,"date":"2025-11-05T17:14:14","date_gmt":"2025-11-05T14:14:14","guid":{"rendered":"https:\/\/avmtv.com.tr\/?p=920"},"modified":"2025-11-05T17:14:14","modified_gmt":"2025-11-05T14:14:14","slug":"batmanda-korkunc-olay-2-yasindaki-cocugun-avmde-kopan-parmagi-bulunamadi","status":"publish","type":"post","link":"https:\/\/avmtv.com.tr\/index.php\/2025\/11\/05\/batmanda-korkunc-olay-2-yasindaki-cocugun-avmde-kopan-parmagi-bulunamadi\/","title":{"rendered":"Batman&#8217;da korkun\u00e7 olay: 2 ya\u015f\u0131ndaki \u00e7ocu\u011fun AVM&#8217;de kopan parma\u011f\u0131 bulunamad\u0131"},"content":{"rendered":"\n<p>Batman\u2019da bir AVM\u2019nin y\u00fcr\u00fcyen merdiveninde d\u00fc\u015fen \u00e7ocu\u011fun parma\u011f\u0131 s\u0131k\u0131\u015ft\u0131\u011f\u0131 merdiven basama\u011f\u0131 aras\u0131nda kalarak koptu. Ekiplerin \u00fc\u00e7 saatlik aramas\u0131 sonu\u00e7suz kald\u0131.<br>Batman merkezdeki bir AVM\u2019ye ailesi ile birlikte giden 2 ya\u015f\u0131ndaki Dilan S.T, y\u00fcr\u00fcyen merdivenle \u00fcst kata \u00e7\u0131kaca\u011f\u0131 s\u0131rada dengesini kaybederek d\u00fc\u015ft\u00fc. D\u00fc\u015fme esnas\u0131nda \u00e7ocu\u011fun y\u00fcr\u00fcyen merdiven basama\u011f\u0131na s\u0131k\u0131\u015fan parma\u011f\u0131 koptu.<\/p>\n\n\n\n<p>Durumun bildirilmesi \u00fczerine AVM\u2019ye itfaiye, sa\u011fl\u0131k ve polis ekipleri sevk edildi.<\/p>\n\n\n\n<p>\u0130ki ya\u015f\u0131ndaki \u00e7ocuk ambulans ile hastaneye kald\u0131r\u0131l\u0131rken itfaiye ekipleri kopan parma\u011f\u0131 arad\u0131 ancak ekiplerin 3 saat s\u00fcren parmak bulma \u00e7abas\u0131 sonu\u00e7suz kald\u0131.<\/p>\n\n\n\n<p>Olay ile ilgili inceleme ba\u015flat\u0131ld\u0131.<\/p>\n\n\n\n<p>Kaynak: ntv.com.tr<\/p>\n\n\n\n<p><\/p>\n","protected":false},"excerpt":{"rendered":"","protected":false},"author":1,"featured_media":921,"comment_status":"open","ping_status":"open","sticky":false,"template":"","format":"standard","meta":{"footnotes":""},"categories":[11,9],"tags":[151,237],"class_list":["post-920","post","type-post","status-publish","format-standard","has-post-thumbnail","hentry","category-gundem","category-manset-haber","tag-avm","tag-batman"],"_links":{"self":[{"href":"https:\/\/avmtv.com.tr\/index.php\/wp-json\/wp\/v2\/posts\/920","targetHints":{"allow":["GET"]}}],"collection":[{"href":"https:\/\/avmtv.com.tr\/index.php\/wp-json\/wp\/v2\/posts"}],"about":[{"href":"https:\/\/avmtv.com.tr\/index.php\/wp-json\/wp\/v2\/types\/post"}],"author":[{"embeddable":true,"href":"https:\/\/avmtv.com.tr\/index.php\/wp-json\/wp\/v2\/users\/1"}],"replies":[{"embeddable":true,"href":"https:\/\/avmtv.com.tr\/index.php\/wp-json\/wp\/v2\/comments?post=920"}],"version-history":[{"count":1,"href":"https:\/\/avmtv.com.tr\/index.php\/wp-json\/wp\/v2\/posts\/920\/revisions"}],"predecessor-version":[{"id":922,"href":"https:\/\/avmtv.com.tr\/index.php\/wp-json\/wp\/v2\/posts\/920\/revisions\/922"}],"wp:featuredmedia":[{"embeddable":true,"href":"https:\/\/avmtv.com.tr\/index.php\/wp-json\/wp\/v2\/media\/921"}],"wp:attachment":[{"href":"https:\/\/avmtv.com.tr\/index.php\/wp-json\/wp\/v2\/media?parent=920"}],"wp:term":[{"taxonomy":"category","embeddable":true,"href":"https:\/\/avmtv.com.tr\/index.php\/wp-json\/wp\/v2\/categories?post=920"},{"taxonomy":"post_tag","embeddable":true,"href":"https:\/\/avmtv.com.tr\/index.php\/wp-json\/wp\/v2\/tags?post=920"}],"curies":[{"name":"wp","href":"https:\/\/api.w.org\/{rel}","templated":true}]}}