{"id":926,"date":"2025-11-05T17:23:32","date_gmt":"2025-11-05T14:23:32","guid":{"rendered":"https:\/\/avmtv.com.tr\/?p=926"},"modified":"2025-11-05T17:23:32","modified_gmt":"2025-11-05T14:23:32","slug":"tetra-pak-avrasya-ambalaj-food-tech-2025te-inovasyonu-zirveye-tasidi","status":"publish","type":"post","link":"https:\/\/avmtv.com.tr\/index.php\/2025\/11\/05\/tetra-pak-avrasya-ambalaj-food-tech-2025te-inovasyonu-zirveye-tasidi\/","title":{"rendered":"Tetra Pak, Avrasya Ambalaj Food-Tech 2025\u2019te \u0130novasyonu Zirveye Ta\u015f\u0131d\u0131"},"content":{"rendered":"\n<p>D\u00fcnyan\u0131n lider g\u0131da i\u015fleme ve paketleme \u00e7\u00f6z\u00fcmleri \u015firketi Tetra Pak, g\u0131da teknolojilerinin gelece\u011fine y\u00f6n veren inovatif \u00e7\u00f6z\u00fcmleriyle Avrasya Ambalaj Food-Tech 2025\u2019in en dikkat \u00e7eken markalar\u0131ndan biri oldu.<\/p>\n\n\n\n<p>Tetra Pak, 22\u201325 Ekim tarihleri aras\u0131nda \u0130stanbul\u2019da d\u00fczenlenen Avrasya Ambalaj Food-Tech 2025 fuar\u0131na kat\u0131larak, yenilik\u00e7ili\u011fi ve i\u015flevselli\u011fiyle \u00f6ne \u00e7\u0131kan paketleme \u00e7\u00f6z\u00fcmlerinden ileri teknoloji proses ekipmanlar\u0131na uzanan geni\u015f \u00fcr\u00fcn portf\u00f6y\u00fcn\u00fc sekt\u00f6r profesyonelleriyle bulu\u015fturdu. Ambalaj ve g\u0131da teknolojilerindeki en son yeniliklerin bulu\u015fma noktas\u0131 olan fuarda, Tetra Pak g\u0131da i\u015fleme ve paketlemede inovasyonun s\u0131n\u0131rlar\u0131n\u0131 zorlayan \u00e7\u00f6z\u00fcmleriyle ziyaret\u00e7ilerden yo\u011fun ilgi g\u00f6rd\u00fc.<\/p>\n\n\n\n<p>Tetra Pak T\u00fcrkiye, \u0130ran, Kafkasya ve Orta Asya B\u00f6lgesi Genel M\u00fcd\u00fcr\u00fc Eliseo Barcas, \u201cAvrasya Ambalaj Food-Tech 2025 fuar\u0131, alan\u0131nda b\u00f6lgenin en prestijli ve etkili bulu\u015fmalar\u0131ndan biri olarak, sekt\u00f6r\u00fcn g\u00fcncel trendlerini ve inovatif \u00e7\u00f6z\u00fcmlerini yak\u0131ndan takip edebilece\u011fimiz benzersiz bir platform sunuyor\u201d diyerek \u015funlar\u0131 ifade etti:<\/p>\n\n\n\n<p>\u201c1972\u2019den bu yana T\u00fcrkiye\u2019de kesintisiz faaliyet g\u00f6steren ve yar\u0131m asr\u0131 a\u015fk\u0131n deneyimimizle sekt\u00f6re de\u011fer katan bir \u015firket olarak, bizim de bu fuara kat\u0131l\u0131m\u0131m\u0131z olduk\u00e7a \u00f6nemliydi. \u2018\u0130novasyon Burada Ba\u015flar\u2019 mottosuyla kat\u0131ld\u0131\u011f\u0131m\u0131z bu fuarda, her biri alan\u0131nda en iyisi oldu\u011funu kan\u0131tlam\u0131\u015f g\u0131da i\u015fleme ve paketleme \u00e7\u00f6z\u00fcmlerimizle sekt\u00f6rdeki inovasyonlara ilham vermenin yan\u0131 s\u0131ra yeni i\u015f birliklerine ve stratejik ortakl\u0131klara kap\u0131 aralamak i\u00e7in de \u00e7ok say\u0131da verimli g\u00f6r\u00fc\u015fmeler ger\u00e7ekle\u015ftirdik. Tetra Pak olarak, inovatif ve s\u00fcrd\u00fcr\u00fclebilir \u00e7\u00f6z\u00fcmlerimizle sekt\u00f6rde fark yaratmaya ve \u2018\u0130yi olan\u0131 korur\u2019 marka vaadimiz do\u011frultusunda g\u0131day\u0131 her yerde g\u00fcvenli ve eri\u015filebilir h\u00e2le getirmek \u00fczere \u00e7al\u0131\u015fmalar\u0131m\u0131z\u0131 s\u00fcrd\u00fcrmeye devam edece\u011fiz.\u201d<\/p>\n\n\n\n<p>Tetra Pak\u2019\u0131n Avrasya Ambalaj Food-Tech\u2019te tan\u0131tt\u0131\u011f\u0131 \u00e7\u00f6z\u00fcmler<\/p>\n\n\n\n<p>Sekt\u00f6rdeki en \u00e7e\u015fitli paketleme portf\u00f6ylerinden birine sahip olan Tetra Pak, bu fuarda da kullan\u0131c\u0131 dostu tasar\u0131mlar\u0131, y\u00fcksek i\u015flevselli\u011fi ve rafta dikkat \u00e7eken g\u00f6r\u00fcn\u00fcm\u00fcyle, onlarca y\u0131ld\u0131r \u00fcreticilerin ve t\u00fcketicilerin bir numaral\u0131 tercihi olan paketleme \u00e7\u00f6z\u00fcmlerini \u00f6n plana \u00e7\u0131kard\u0131. Yenilik\u00e7i, ak\u0131ll\u0131 ve \u00e7evreye duyarl\u0131 bu paketleme \u00e7\u00f6z\u00fcmleri, s\u0131v\u0131 g\u0131da ve i\u00e7eceklerin tad\u0131n\u0131, g\u00f6r\u00fcn\u00fcm\u00fcn\u00fc, dokusunu ve kalitesini korurken, her g\u00fcn milyonlarca insan\u0131n g\u00fcvenli ve taze g\u0131daya ula\u015fmas\u0131n\u0131 sa\u011fl\u0131yor.<\/p>\n\n\n\n<p>Tetra Pak, fuarda, s\u00fct \u00fcr\u00fcnleri, i\u00e7ecekler ve dondurma gibi kategorilerde \u00fcst\u00fcn verimlilik ve g\u0131da g\u00fcvenli\u011fi sa\u011flayan proses ekipmanlar\u0131n\u0131 da tan\u0131tt\u0131. \u015eirketin onlarca y\u0131ll\u0131k deneyimiyle geli\u015ftirdi\u011fi UHT s\u00fct i\u015fleme, y\u00fcksek par\u00e7alay\u0131c\u0131 mikserler ve dondurma freezer\u2019lar\u0131 gibi proses ekipmanlar\u0131, g\u0131da i\u015fleme s\u00fcrecinde \u00fcst\u00fcn kalite, g\u00fcvenlik ve verimlilik sa\u011fl\u0131yor.<\/p>\n\n\n\n<p>G\u0131da i\u015fleme alan\u0131ndaki uzmanl\u0131\u011f\u0131n\u0131 yeni alanlarla geni\u015fletmeye devam eden Tetra Pak, bu fuarda haz\u0131r ve toz g\u0131dalar ile soslara y\u00f6nelik geni\u015fleyen portf\u00f6y\u00fcn\u00fc de tan\u0131tarak yenilik\u00e7i \u00e7\u00f6z\u00fcmlerini sekt\u00f6r profesyonelleriyle bulu\u015fturdu.<\/p>\n\n\n\n<p>Tetra Pak\u2019\u0131n sekt\u00f6rde fark yaratan bir di\u011fer y\u00f6n\u00fc ise m\u00fc\u015fterilerine t\u00fcm ya\u015fam d\u00f6ng\u00fcs\u00fc boyunca verimlili\u011fi, k\u00e2rl\u0131l\u0131\u011f\u0131 ve \u00e7evresel performans\u0131 en \u00fcst d\u00fczeye \u00e7\u0131karan y\u00fcksek performansl\u0131 entegre tesis \u00e7\u00f6z\u00fcmleri sunmas\u0131 oluyor. Sadece bir \u00fcr\u00fcn tedarik etmenin \u00f6tesinde proaktif, zaman\u0131nda ve kullan\u0131c\u0131 ihtiya\u00e7lar\u0131na g\u00f6re \u015fekillendirilmi\u015f bir servis deste\u011fi sunan Tetra Pak, s\u00fcrekli iyile\u015ftirme ve gelecek odakl\u0131 \u00e7al\u0131\u015fma stratejisiyle m\u00fc\u015fteri deneyimini en \u00fcst d\u00fczeye \u00e7\u0131kar\u0131yor.<\/p>\n\n\n\n<p>perakendecagi.com<\/p>\n","protected":false},"excerpt":{"rendered":"","protected":false},"author":1,"featured_media":927,"comment_status":"open","ping_status":"open","sticky":false,"template":"","format":"standard","meta":{"footnotes":""},"categories":[6,11,5],"tags":[246,245,247,243,244],"class_list":["post-926","post","type-post","status-publish","format-standard","has-post-thumbnail","hentry","category-acilislar","category-gundem","category-hizmet-tedarik","tag-ambalaj","tag-avrasya","tag-ffod","tag-tetrapark","tag-tetraparkavm"],"_links":{"self":[{"href":"https:\/\/avmtv.com.tr\/index.php\/wp-json\/wp\/v2\/posts\/926","targetHints":{"allow":["GET"]}}],"collection":[{"href":"https:\/\/avmtv.com.tr\/index.php\/wp-json\/wp\/v2\/posts"}],"about":[{"href":"https:\/\/avmtv.com.tr\/index.php\/wp-json\/wp\/v2\/types\/post"}],"author":[{"embeddable":true,"href":"https:\/\/avmtv.com.tr\/index.php\/wp-json\/wp\/v2\/users\/1"}],"replies":[{"embeddable":true,"href":"https:\/\/avmtv.com.tr\/index.php\/wp-json\/wp\/v2\/comments?post=926"}],"version-history":[{"count":1,"href":"https:\/\/avmtv.com.tr\/index.php\/wp-json\/wp\/v2\/posts\/926\/revisions"}],"predecessor-version":[{"id":928,"href":"https:\/\/avmtv.com.tr\/index.php\/wp-json\/wp\/v2\/posts\/926\/revisions\/928"}],"wp:featuredmedia":[{"embeddable":true,"href":"https:\/\/avmtv.com.tr\/index.php\/wp-json\/wp\/v2\/media\/927"}],"wp:attachment":[{"href":"https:\/\/avmtv.com.tr\/index.php\/wp-json\/wp\/v2\/media?parent=926"}],"wp:term":[{"taxonomy":"category","embeddable":true,"href":"https:\/\/avmtv.com.tr\/index.php\/wp-json\/wp\/v2\/categories?post=926"},{"taxonomy":"post_tag","embeddable":true,"href":"https:\/\/avmtv.com.tr\/index.php\/wp-json\/wp\/v2\/tags?post=926"}],"curies":[{"name":"wp","href":"https:\/\/api.w.org\/{rel}","templated":true}]}}