{"id":963,"date":"2025-11-29T18:43:19","date_gmt":"2025-11-29T15:43:19","guid":{"rendered":"https:\/\/avmtv.com.tr\/?p=963"},"modified":"2025-11-29T18:43:19","modified_gmt":"2025-11-29T15:43:19","slug":"palladium-atasehir-avmde-wellness-donemi","status":"publish","type":"post","link":"https:\/\/avmtv.com.tr\/index.php\/2025\/11\/29\/palladium-atasehir-avmde-wellness-donemi\/","title":{"rendered":"Palladium Ata\u015fehir AVM\u2019de Wellness D\u00f6nemi"},"content":{"rendered":"\n<p>Uluslararas\u0131 ara\u015ft\u0131rmalara g\u00f6re, mega kentlerde ya\u015fayan bireylerin stres seviyesi k\u0131rsal b\u00f6lgelere k\u0131yasla y\u00fczde 30 daha y\u00fcksek seyrediyor. G\u00fcr\u00fclt\u00fc seviyesinin D\u00fcnya Sa\u011fl\u0131k \u00d6rg\u00fct\u00fc s\u0131n\u0131rlar\u0131n\u0131 a\u015ft\u0131\u011f\u0131 \u0130stanbul, k\u00fcresel stres endekslerinde \u00fcst s\u0131ralarda yer almaya devam ediyor.<\/p>\n\n\n\n<p>\u201cToplumsal \u0130yile\u015fme \u0130\u00e7in Mikro Molalar \u015eart\u201d<br>Sosyologlar\u0131n \u201c\u015fehir i\u00e7i ka\u00e7\u0131\u015f alanlar\u0131na duyulan zorunlu ihtiya\u00e7\u201d olarak tan\u0131mlad\u0131\u011f\u0131 bu duruma yan\u0131t olarak Ata\u015fehir Palladium AVM, perakende alanlar\u0131n\u0131 ge\u00e7ici s\u00fcreli\u011fine \u201cPalladium Wellness Fest\u201d kapsam\u0131nda birer rehabilitasyon merkezine d\u00f6n\u00fc\u015ft\u00fcrd\u00fc.<\/p>\n\n\n\n<p>Organizasyonu \u00fcstlenen Nuit Ajans Ba\u015fkan\u0131 Tuba K\u0131l\u0131\u00e7 Almal\u0131, projenin temelinde \u201ctoplumsal iyile\u015fme\u201d hedefinin yatt\u0131\u011f\u0131n\u0131 belirtti. \u015eehir hayat\u0131n\u0131n bireylere y\u00fckledi\u011fi a\u011f\u0131r sorumluluklara dikkat \u00e7eken Almal\u0131, projenin stratejisini \u015fu s\u00f6zlerle \u00f6zetledi:<\/p>\n\n\n\n<p>\u201c\u015eehir ya\u015fam\u0131n\u0131n dinami\u011fi hepimizi yoruyor. Amac\u0131m\u0131z, bir al\u0131\u015fveri\u015f merkezinin hareketli ortam\u0131nda bile \u2018nezaket ve zarafet\u2019 odakl\u0131 sakin bir alan yaratarak, ziyaret\u00e7ilerin hayat\u0131 dengeleyebilecekleri mikro molalar sunmakt\u0131. Ziyaret\u00e7ilerimiz ba\u015flang\u0131\u00e7ta bir AVM i\u00e7erisinde bu duyguyu ya\u015fayabileceklerine \u015f\u00fcpheyle yakla\u015fsa da, etkinlik sonunda olu\u015fan dinginlik atmosferi projenin ba\u015far\u0131s\u0131n\u0131 kan\u0131tlad\u0131.\u201d<\/p>\n\n\n\n<p>Be\u015f Duyuya Hitap Eden \u201cAr\u0131nma\u201d At\u00f6lyeleri<br>Palladium AVM\u2019nin sundu\u011fu etkinlik program\u0131, t\u00fcketimden \u00e7ok \u201c\u00fcretim ve deneyim\u201d odakl\u0131 yakla\u015f\u0131m\u0131yla dikkat \u00e7ekti. Ziyaret\u00e7ilere al\u0131\u015fveri\u015f karma\u015fas\u0131n\u0131n ortas\u0131nda meditatif bir s\u00fcre\u00e7 sunmay\u0131 hedefleyen festivalde, be\u015f farkl\u0131 tematik at\u00f6lye \u00f6ne \u00e7\u0131kt\u0131:<\/p>\n\n\n\n<ul class=\"wp-block-list\">\n<li>Duyusal Fark\u0131ndal\u0131k: Kat\u0131l\u0131mc\u0131lar, \u201cBitki \u00c7ay\u0131 At\u00f6lyesi\u201dnde \u015fifal\u0131 kar\u0131\u015f\u0131mlar\u0131 motivasyon kartlar\u0131 e\u015fli\u011finde deneyimlerken, \u201cOrtam Kokusu At\u00f6lyesi\u201dnde ki\u015fisel enerjileriyle uyumlu \u00f6zel kokular tasarlayarak duyusal bir yolculu\u011fa \u00e7\u0131kt\u0131.<\/li>\n\n\n\n<li>Meditatif \u00dcretim: Stresi azaltan el becerilerine odaklanan \u201cMum Yap\u0131m\u0131\u201d ve \u201cDo\u011fal Ta\u015f Bileklik\u201d at\u00f6lyelerinde, renkler ve objeler arac\u0131l\u0131\u011f\u0131yla ziyaret\u00e7ilere bireysel bir huzur alan\u0131 ve yarat\u0131c\u0131l\u0131k imkan\u0131 sunuldu.<\/li>\n\n\n\n<li>Do\u011fayla Temas: Metropolde topra\u011fa dokunma ihtiyac\u0131na y\u00f6nelik kurgulanan \u201c\u00c7i\u00e7ek Ekim At\u00f6lyesi\u201dnde ise kat\u0131l\u0131mc\u0131lar, tohumlar\u0131 dilekleri e\u015fli\u011finde toprakla bulu\u015fturarak sembolik bir b\u00fcy\u00fcme yolculu\u011funu deneyimledi.<\/li>\n<\/ul>\n\n\n\n<p>Ziyaret\u00e7ilerden Tam Not: \u201c10 Dakikal\u0131k Nefes\u201d<br>Etkinlik, kent sakinleri taraf\u0131ndan da \u201cgerekli bir ihtiya\u00e7\u201d olarak tan\u0131mland\u0131. Festival kat\u0131l\u0131mc\u0131lar\u0131ndan Ay\u015feg\u00fcl Engin, modern hayat\u0131n ko\u015fturmacas\u0131 i\u00e7inde 10 ila 30 dakikal\u0131k k\u0131sa molalar\u0131n dahi kritik \u00f6nem ta\u015f\u0131d\u0131\u011f\u0131na dikkat \u00e7ekerek, \u201cBir AVM ortam\u0131nda, stresli rutinin d\u0131\u015f\u0131na \u00e7\u0131k\u0131p kendimize vakit ay\u0131rabilmek zihinsel bir rahatlama sa\u011flad\u0131. Bu tip alanlar\u0131n artmas\u0131n\u0131 bekliyoruz\u201d de\u011ferlendirmesinde bulundu.<\/p>\n\n\n\n<p>Uzmanlar, merkezi lokasyonlarda sunulan bu tip interaktif ve do\u011fa odakl\u0131 etkinliklerin, \u015fehir ya\u015fam\u0131n\u0131n neden oldu\u011fu motivasyon kayb\u0131na kar\u015f\u0131 etkili bir \u201ci\u00e7sel duraklama\u201d sa\u011flad\u0131\u011f\u0131n\u0131 vurguluyor.<\/p>\n\n\n\n<p>Share This Post:<\/p>\n","protected":false},"excerpt":{"rendered":"","protected":false},"author":1,"featured_media":964,"comment_status":"open","ping_status":"open","sticky":false,"template":"","format":"standard","meta":{"footnotes":""},"categories":[12,11,9],"tags":[271,270,151,255,120,178,269],"class_list":["post-963","post","type-post","status-publish","format-standard","has-post-thumbnail","hentry","category-guncel","category-gundem","category-manset-haber","tag-ankara","tag-atasehir","tag-avm","tag-avm-haberleri","tag-istanbul","tag-izmir","tag-palladium"],"_links":{"self":[{"href":"https:\/\/avmtv.com.tr\/index.php\/wp-json\/wp\/v2\/posts\/963","targetHints":{"allow":["GET"]}}],"collection":[{"href":"https:\/\/avmtv.com.tr\/index.php\/wp-json\/wp\/v2\/posts"}],"about":[{"href":"https:\/\/avmtv.com.tr\/index.php\/wp-json\/wp\/v2\/types\/post"}],"author":[{"embeddable":true,"href":"https:\/\/avmtv.com.tr\/index.php\/wp-json\/wp\/v2\/users\/1"}],"replies":[{"embeddable":true,"href":"https:\/\/avmtv.com.tr\/index.php\/wp-json\/wp\/v2\/comments?post=963"}],"version-history":[{"count":1,"href":"https:\/\/avmtv.com.tr\/index.php\/wp-json\/wp\/v2\/posts\/963\/revisions"}],"predecessor-version":[{"id":965,"href":"https:\/\/avmtv.com.tr\/index.php\/wp-json\/wp\/v2\/posts\/963\/revisions\/965"}],"wp:featuredmedia":[{"embeddable":true,"href":"https:\/\/avmtv.com.tr\/index.php\/wp-json\/wp\/v2\/media\/964"}],"wp:attachment":[{"href":"https:\/\/avmtv.com.tr\/index.php\/wp-json\/wp\/v2\/media?parent=963"}],"wp:term":[{"taxonomy":"category","embeddable":true,"href":"https:\/\/avmtv.com.tr\/index.php\/wp-json\/wp\/v2\/categories?post=963"},{"taxonomy":"post_tag","embeddable":true,"href":"https:\/\/avmtv.com.tr\/index.php\/wp-json\/wp\/v2\/tags?post=963"}],"curies":[{"name":"wp","href":"https:\/\/api.w.org\/{rel}","templated":true}]}}