{"id":984,"date":"2025-12-04T16:29:50","date_gmt":"2025-12-04T13:29:50","guid":{"rendered":"https:\/\/avmtv.com.tr\/?p=984"},"modified":"2025-12-04T16:29:50","modified_gmt":"2025-12-04T13:29:50","slug":"bolgenin-ticari-ve-toplumsal-merkezi-petrolcity-avm","status":"publish","type":"post","link":"https:\/\/avmtv.com.tr\/index.php\/2025\/12\/04\/bolgenin-ticari-ve-toplumsal-merkezi-petrolcity-avm\/","title":{"rendered":"B\u00f6lgenin Ticari Ve Toplumsal Merkezi Petrolcity AVM"},"content":{"rendered":"\n<p>2025 y\u0131l\u0131nda ekonomik dalgalanmalara ra\u011fmen g\u00fc\u00e7l\u00fc bir performans sergileyen Petrolcity AVM, Batman ve \u00e7evresinde perakende hareketlili\u011fini art\u0131rarak hem ziyaret\u00e7i say\u0131lar\u0131n\u0131 hem de kirac\u0131 cirolar\u0131n\u0131 y\u00fckseltti. Y\u0131l boyunca d\u00fczenlenen etkinlikler, \u00e7ocuk at\u00f6lyeleri, k\u00fclt\u00fcrel organizasyonlar ve sosyal sorumluluk projeleriyle al\u0131\u015fveri\u015fin \u00f6tesinde bir ya\u015fam alan\u0131 sunan AVM, 2026 y\u0131l\u0131nda da marka karmas\u0131n\u0131 zenginle\u015ftirmeyi, gastronomi \u00e7e\u015fitlili\u011fini art\u0131rmay\u0131 ve teknolojik yat\u0131r\u0131mlarla ziyaret\u00e7i deneyimini \u00fcst seviyeye ta\u015f\u0131may\u0131 hedefliyor.<br>2025 y\u0131l\u0131 Petrolcity AVM i\u00e7in nas\u0131l ge\u00e7ti? B\u00f6lge ekonomisi ve perakende hareketlili\u011fi a\u00e7\u0131s\u0131ndan y\u0131l\u0131 nas\u0131l de\u011ferlendiriyorsunuz?<\/p>\n\n\n\n<p>2025 y\u0131l\u0131, ekonomik dalgalanmalara ra\u011fmen Petrolcity AVM a\u00e7\u0131s\u0131ndan olduk\u00e7a verimli ge\u00e7ti. Batman ve \u00e7evre illerdeki perakende hareketlili\u011fin istikrarl\u0131 bir \u015fekilde artmas\u0131, hem ziyaret\u00e7i say\u0131lar\u0131m\u0131za hem de kirac\u0131lar\u0131m\u0131z\u0131n cirolar\u0131na olumlu yans\u0131d\u0131.<\/p>\n\n\n\n<p>Y\u0131l boyunca ger\u00e7ekle\u015ftirdi\u011fimiz etkinlikler, kampanyalar ve sosyal projelerle al\u0131\u015fveri\u015fin \u00f6tesinde bir ya\u015fam alan\u0131 olu\u015fturduk. \u00d6zellikle \u00e7ocuk etkinlikleri, k\u00fclt\u00fcrel organizasyonlar ve \u00f6zel g\u00fcn kutlamalar\u0131yla b\u00f6lge halk\u0131n\u0131n ilgisini s\u00fcrekli diri tuttuk.<\/p>\n\n\n\n<p>Petrolcity AVM olarak, 2025\u2019i hem ticari hem de toplumsal a\u00e7\u0131dan g\u00fc\u00e7l\u00fc bir y\u0131l olarak de\u011ferlendiriyoruz.<\/p>\n\n\n\n<p>2026 y\u0131l\u0131 i\u00e7in planlad\u0131\u011f\u0131n\u0131z yenilikler, yat\u0131r\u0131m ya da etkinlik projeleri var m\u0131? Ziyaret\u00e7i deneyimini art\u0131rmak ad\u0131na hangi alanlarda de\u011fi\u015fim \u00f6ng\u00f6r\u00fcyorsunuz?<\/p>\n\n\n\n<p>2026 y\u0131l\u0131 i\u00e7in hedefimiz, ziyaret\u00e7i deneyimini her y\u00f6n\u00fcyle g\u00fc\u00e7lendirmek. Bu kapsamda, mevcut ma\u011faza karmam\u0131z\u0131 daha da zenginle\u015ftirecek yeni marka anla\u015fmalar\u0131 planl\u0131yoruz. Ayr\u0131ca gastronomi alan\u0131nda \u00e7e\u015fitlili\u011fi art\u0131rarak, ziyaret\u00e7ilerimize daha uzun s\u00fcre keyifle vakit ge\u00e7irebilecekleri bir ortam sunmay\u0131 ama\u00e7l\u0131yoruz.<\/p>\n\n\n\n<p>Etkinlik taraf\u0131nda ise \u00e7ocuk at\u00f6lyeleri, k\u00fclt\u00fcrel sergiler, a\u00e7\u0131k alan etkinlikleri ve toplumsal fark\u0131ndal\u0131k projeleri takvimimizde yer al\u0131yor.<\/p>\n\n\n\n<p>Teknolojik yat\u0131r\u0131mlar kapsam\u0131nda dijital y\u00f6nlendirme ekranlar\u0131, ak\u0131ll\u0131 otopark sistemleri ve sosyal medya entegrasyonu gibi yeniliklerle ziyaret\u00e7i memnuniyetini daha \u00fcst seviyeye ta\u015f\u0131may\u0131 planl\u0131yoruz.<\/p>\n\n\n\n<p>Petrolcity AVM\u2019nin b\u00f6lgesindeki g\u00fc\u00e7l\u00fc konumu nas\u0131l korudu\u011funu d\u00fc\u015f\u00fcn\u00fcyorsunuz? Marka karmas\u0131, kirac\u0131 ili\u015fkileri veya toplumsal projeler a\u00e7\u0131s\u0131ndan sizi \u00f6ne \u00e7\u0131karan unsurlar neler?<\/p>\n\n\n\n<p>Petrolcity AVM olarak ba\u015far\u0131m\u0131z\u0131n temelinde g\u00fc\u00e7l\u00fc kirac\u0131 ili\u015fkileri, do\u011fru marka karmas\u0131 ve topluma dokunan projelerimiz yer al\u0131yor.<\/p>\n\n\n\n<p>Kirac\u0131lar\u0131m\u0131zla kurdu\u011fumuz \u015feffaf, g\u00fcvene dayal\u0131 ileti\u015fim; i\u015f birli\u011fi ve s\u00fcrd\u00fcr\u00fclebilir ba\u015far\u0131 anlay\u0131\u015f\u0131m\u0131z\u0131 g\u00fc\u00e7lendiriyor. Her markam\u0131z\u0131 sadece bir kirac\u0131 de\u011fil, ayn\u0131 zamanda uzun vadeli bir i\u015f orta\u011f\u0131 olarak g\u00f6r\u00fcyoruz.<\/p>\n\n\n\n<p>B\u00f6lgedeki konumumuzu korumam\u0131zda toplumsal duyarl\u0131l\u0131\u011fa verdi\u011fimiz \u00f6nem de b\u00fcy\u00fck rol oynuyor. \u00dcniversitelerle yapt\u0131\u011f\u0131m\u0131z i\u015f birlikleri, \u00e7ocuklara ve ailelere y\u00f6nelik sosyal sorumluluk projelerimiz, yerel k\u00fclt\u00fcr\u00fc destekleyen etkinliklerimiz bizi b\u00f6lge halk\u0131n\u0131n kalbinde \u00f6zel bir yere ta\u015f\u0131yor.<\/p>\n\n\n\n<p>K\u0131sacas\u0131, Petrolcity AVM\u2019nin g\u00fcc\u00fc yaln\u0131zca ticari ba\u015far\u0131dan de\u011fil, topluma katt\u0131\u011f\u0131 de\u011ferden geliyor.<\/p>\n\n\n\n<p>mallreport<\/p>\n","protected":false},"excerpt":{"rendered":"","protected":false},"author":1,"featured_media":985,"comment_status":"open","ping_status":"open","sticky":false,"template":"","format":"standard","meta":{"footnotes":""},"categories":[1,11,9],"tags":[151,255,237,286,285],"class_list":["post-984","post","type-post","status-publish","format-standard","has-post-thumbnail","hentry","category-genel","category-gundem","category-manset-haber","tag-avm","tag-avm-haberleri","tag-batman","tag-petrolcity","tag-petrolcity-avm"],"_links":{"self":[{"href":"https:\/\/avmtv.com.tr\/index.php\/wp-json\/wp\/v2\/posts\/984","targetHints":{"allow":["GET"]}}],"collection":[{"href":"https:\/\/avmtv.com.tr\/index.php\/wp-json\/wp\/v2\/posts"}],"about":[{"href":"https:\/\/avmtv.com.tr\/index.php\/wp-json\/wp\/v2\/types\/post"}],"author":[{"embeddable":true,"href":"https:\/\/avmtv.com.tr\/index.php\/wp-json\/wp\/v2\/users\/1"}],"replies":[{"embeddable":true,"href":"https:\/\/avmtv.com.tr\/index.php\/wp-json\/wp\/v2\/comments?post=984"}],"version-history":[{"count":1,"href":"https:\/\/avmtv.com.tr\/index.php\/wp-json\/wp\/v2\/posts\/984\/revisions"}],"predecessor-version":[{"id":986,"href":"https:\/\/avmtv.com.tr\/index.php\/wp-json\/wp\/v2\/posts\/984\/revisions\/986"}],"wp:featuredmedia":[{"embeddable":true,"href":"https:\/\/avmtv.com.tr\/index.php\/wp-json\/wp\/v2\/media\/985"}],"wp:attachment":[{"href":"https:\/\/avmtv.com.tr\/index.php\/wp-json\/wp\/v2\/media?parent=984"}],"wp:term":[{"taxonomy":"category","embeddable":true,"href":"https:\/\/avmtv.com.tr\/index.php\/wp-json\/wp\/v2\/categories?post=984"},{"taxonomy":"post_tag","embeddable":true,"href":"https:\/\/avmtv.com.tr\/index.php\/wp-json\/wp\/v2\/tags?post=984"}],"curies":[{"name":"wp","href":"https:\/\/api.w.org\/{rel}","templated":true}]}}