{"id":987,"date":"2025-12-04T16:33:01","date_gmt":"2025-12-04T13:33:01","guid":{"rendered":"https:\/\/avmtv.com.tr\/?p=987"},"modified":"2025-12-04T16:33:01","modified_gmt":"2025-12-04T13:33:01","slug":"bolgenin-yukselen-degeri-isparta-meydan-avm","status":"publish","type":"post","link":"https:\/\/avmtv.com.tr\/index.php\/2025\/12\/04\/bolgenin-yukselen-degeri-isparta-meydan-avm\/","title":{"rendered":"B\u00f6lgenin Y\u00fckselen De\u011feri Isparta Meydan AVM"},"content":{"rendered":"\n<p>Hizmete girdi\u011fi 23 Nisan 2022\u2019den bug\u00fcne kadar ortaya koydu\u011fu ba\u015far\u0131 ve yaratt\u0131\u011f\u0131 de\u011ferler ile h\u0131zla b\u00fcy\u00fcyen Isparta Meydan AVM, k\u0131sa s\u00fcrede hem ziyaret\u00e7ilerin hem de markalar\u0131n ilgisini \u00e7eken, b\u00f6lgesinin en dinamik ve prestijli al\u0131\u015fveri\u015f merkezi haline geldi.<br>\u00c7eyrek as\u0131rl\u0131k ge\u00e7mi\u015fe ve zorluklara ra\u011fmen ortaya konmu\u015f bir ba\u015far\u0131 hikayesine sahip Isparta Meydan AVM, al\u0131\u015fveri\u015fin \u00f6tesinde, k\u00fclt\u00fcrel ve sosyal ya\u015fam\u0131n da meydan\u0131 olma hedefiyle \u00e7\u0131kt\u0131\u011f\u0131 yolda ba\u015far\u0131s\u0131n\u0131 uluslararas\u0131 arenada ald\u0131\u011f\u0131 \u00f6d\u00fcllerle ta\u00e7land\u0131rd\u0131.<\/p>\n\n\n\n<p>G\u00dc\u00c7L\u00dc MARKA KARMASI<\/p>\n\n\n\n<p>Isparta Meydan AVM\u2019nin temelleri at\u0131l\u0131rken en \u00f6nemli hedef, \u015fehre ve b\u00f6lgeye sadece bir al\u0131\u015fveri\u015f merkezi de\u011fil, gelece\u011fin kap\u0131lar\u0131n\u0131 a\u00e7acak modern bir ya\u015fam alan\u0131 kazand\u0131rmakt\u0131.<\/p>\n\n\n\n<p>Bu sebeple \u00f6ncelikle, a\u00e7\u0131k ve kapal\u0131 AVM\u2019yi bir arada sunan mimari konseptine uygun ve b\u00f6lge ticaretine de\u011fer katacak g\u00fc\u00e7l\u00fc marka karmas\u0131 olu\u015fturuldu. Kapsay\u0131c\u0131 bir marka strateji belirlenerek hem ulusal hem de uluslararas\u0131 markalar bir araya getirildi.<\/p>\n\n\n\n<p>G\u00fc\u00e7l\u00fc marka karmas\u0131 yan\u0131nda ilk defa ger\u00e7ekle\u015ftirilen k\u00fclt\u00fcrel ve sosyal etkinliklerle de sadece \u015fehrin de\u011fil b\u00f6lgenin al\u0131\u015fveri\u015f ve sosyalle\u015fme ihtiya\u00e7lar\u0131n\u0131n kar\u015f\u0131lanmas\u0131 ama\u00e7land\u0131.<\/p>\n\n\n\n<p>Bug\u00fcn gelinen noktada ISPARTA MEYDAN AVM b\u00fct\u00fcn b\u00f6lge insan\u0131n\u0131n tercih etti\u011fi bir bulu\u015fma noktas\u0131 ve b\u00f6lgenin y\u00fckselen de\u011feri olman\u0131n hakl\u0131 gururunu ya\u015f\u0131yor.<\/p>\n\n\n\n<p>Isparta Meydan AVM, a\u00e7\u0131l\u0131\u015f \u00f6ncesi ve sonras\u0131nda marka karmas\u0131n\u0131n g\u00fc\u00e7lendirilmesi ile k\u0131sa s\u00fcrede yakalad\u0131\u011f\u0131 doluluk, s\u00fcrd\u00fcrebilirli\u011fin sa\u011flanabilmesi i\u00e7in ger\u00e7ekle\u015ftirilen etkinlikler, sadakat kart projesi ve kampanyalar ile devam eden ba\u015far\u0131larla dolu hikayesi ile uluslararas\u0131 arenada da takdir toplad\u0131.<\/p>\n\n\n\n<p>ULUSLARARASI PREST\u0130J\u0130 GET\u0130REN \u00d6D\u00dcLLER<\/p>\n\n\n\n<p>Isparta Meydan AVM\u2019nin a\u00e7\u0131l\u0131\u015f \u00f6ncesi hikayesi ve k\u0131sa s\u00fcrede sa\u011flad\u0131\u011f\u0131 doluluk oran\u0131, marka karmas\u0131n\u0131n g\u00fc\u00e7lendirilmesi, s\u00fcrd\u00fcrebilirli\u011fin sa\u011flanabilmesi i\u00e7in ger\u00e7ekle\u015ftirilen etkinlikleri, sadakat kart projesi ve kampanyalar\u0131 ile a\u00e7\u0131l\u0131\u015f sonras\u0131 devam eden ba\u015far\u0131larla dolu hikayeleri ile uluslararas\u0131 arenada da takdir toplad\u0131.<\/p>\n\n\n\n<p>Isparta Meydan AVM \u201c\u015fehrin meydan\u0131\u201d konseptiyle yerel de\u011ferleri sahiplenirken, modern pazarlama anlay\u0131\u015f\u0131n\u0131 yenilik\u00e7i uygulamalarla birle\u015ftirerek k\u0131sa s\u00fcrede yakalad\u0131\u011f\u0131 ba\u015far\u0131 ile global \u00f6l\u00e7ekte \u00f6rnek g\u00f6sterilen projeler aras\u0131na girdi.<\/p>\n\n\n\n<p>\u0130\u015f d\u00fcnyas\u0131n\u0131n pazarlama alan\u0131nda en itibarl\u0131 \u00f6d\u00fcl programlar\u0131ndan biri olarak kabul edilen 22. Uluslararas\u0131 \u0130\u015f \u00d6d\u00fclleri Stevie Awards\u2019tan farkl\u0131 kategorilerde \u00fc\u00e7 G\u00fcm\u00fc\u015f, yine Amerika merkezli prestijli pazarlama \u00f6d\u00fcl platformlar\u0131 Hermes Creative Awards\u2019tan iki Alt\u0131n ve Marcom Awards\u2019dan 4 Platin \u00f6d\u00fcl kazand\u0131.<\/p>\n\n\n\n<p>YEREL AMA GLOBAL DENEY\u0130M<\/p>\n\n\n\n<p>14 Kas\u0131m\u2019da hizmete giren b\u00f6lgenin en b\u00fcy\u00fck Gross Marketi Secen Gross ile daha da g\u00fc\u00e7lenen marka karmas\u0131 ile B\u00d6LGEN\u0130N MEYDAN\u2019I olan Isparta Meydan AVM her alanda b\u00fcy\u00fcmeye devam edecek.<\/p>\n\n\n\n<p>Ziyaret\u00e7i deneyiminde ise, uluslararas\u0131 platformlarda da takdir g\u00f6ren \u201cyerel ama global deneyim\u201d i\u00e7eren yani d\u00fcnya trendleriyle uyumlu ama yerel duygulardan g\u00fc\u00e7 alan, daha fazla ki\u015fiselle\u015ftirilmi\u015f, daha teknolojik ama her zamanki gibi samimi bir deneyim stratejisi ile yol al\u0131nacakt\u0131r<\/p>\n\n\n\n<p>mallreport<\/p>\n","protected":false},"excerpt":{"rendered":"","protected":false},"author":1,"featured_media":988,"comment_status":"open","ping_status":"open","sticky":false,"template":"","format":"standard","meta":{"footnotes":""},"categories":[11,9],"tags":[255,288,287],"class_list":["post-987","post","type-post","status-publish","format-standard","has-post-thumbnail","hentry","category-gundem","category-manset-haber","tag-avm-haberleri","tag-isparta","tag-ispartameydan-avm"],"_links":{"self":[{"href":"https:\/\/avmtv.com.tr\/index.php\/wp-json\/wp\/v2\/posts\/987","targetHints":{"allow":["GET"]}}],"collection":[{"href":"https:\/\/avmtv.com.tr\/index.php\/wp-json\/wp\/v2\/posts"}],"about":[{"href":"https:\/\/avmtv.com.tr\/index.php\/wp-json\/wp\/v2\/types\/post"}],"author":[{"embeddable":true,"href":"https:\/\/avmtv.com.tr\/index.php\/wp-json\/wp\/v2\/users\/1"}],"replies":[{"embeddable":true,"href":"https:\/\/avmtv.com.tr\/index.php\/wp-json\/wp\/v2\/comments?post=987"}],"version-history":[{"count":1,"href":"https:\/\/avmtv.com.tr\/index.php\/wp-json\/wp\/v2\/posts\/987\/revisions"}],"predecessor-version":[{"id":989,"href":"https:\/\/avmtv.com.tr\/index.php\/wp-json\/wp\/v2\/posts\/987\/revisions\/989"}],"wp:featuredmedia":[{"embeddable":true,"href":"https:\/\/avmtv.com.tr\/index.php\/wp-json\/wp\/v2\/media\/988"}],"wp:attachment":[{"href":"https:\/\/avmtv.com.tr\/index.php\/wp-json\/wp\/v2\/media?parent=987"}],"wp:term":[{"taxonomy":"category","embeddable":true,"href":"https:\/\/avmtv.com.tr\/index.php\/wp-json\/wp\/v2\/categories?post=987"},{"taxonomy":"post_tag","embeddable":true,"href":"https:\/\/avmtv.com.tr\/index.php\/wp-json\/wp\/v2\/tags?post=987"}],"curies":[{"name":"wp","href":"https:\/\/api.w.org\/{rel}","templated":true}]}}